{"id":34,"date":"2006-11-22T12:23:48","date_gmt":"2006-11-22T11:23:48","guid":{"rendered":"http:\/\/www.abmug.it\/?p=34"},"modified":"2006-11-25T14:59:27","modified_gmt":"2006-11-25T13:59:27","slug":"macniaci","status":"publish","type":"post","link":"https:\/\/www.abmug.it\/index.php\/macniaci\/","title":{"rendered":"Apre Macniaci!"},"content":{"rendered":"<p>In Abruzzo, <strong>a L&#8217;Aquila<\/strong> per la precisione, <strong>a giorni aprir\u00e0 un negozio che si rivolger\u00e0 esplicitamente all&#8217;utenza Apple della zona<\/strong>. <\/p>\n<p><img src='\/wp-content\/macniaci.png' alt='logo Macniaci' \/><\/p>\n<p><strong>Si chiama <a href=\"http:\/\/www.macniaci.it\/\">&#8220;Macniaci&#8221;<\/a> e l&#8217;indirizzo \u00e8 Via San Flaviano, 38 (a L&#8217;Aquila)<\/strong>, negli ex locali autoscuola Del Re Livio.<br \/>\nVender\u00e0 &#8220;hardware e software Apple &#8211; iPod &#8211; PlayStation&#8221; (ma non solo). <\/p>\n<p>Cosa ancora pi\u00f9 importante \u00e8 che dietro Macniaci c&#8217;\u00e8 Mauro (derkom) uno di noi, dell&#8217;ABMUG e un gruppetto di ABMUGhiani si riunir\u00e0 sicuramente a L&#8217;Aquila (con raduno e probabile cena) per l&#8217;inaugurazione, che sar\u00e0 questo fine settimana. L&#8217;apertura vera e propria al pubblico \u00e8 invece qualche giorno dopo, a partire da luned\u00ec 27 novembre.<\/p>\n<p>Un <strong>grosso augurio da me e da tutto l&#8217;ABMUG<\/strong> a Mauro e un invito a visitare il suo negozio, che sia all&#8217;inaugurazione o nei giorni seguenti!<\/p>\n","protected":false},"excerpt":{"rendered":"<p>In Abruzzo, a L&#8217;Aquila per la precisione, a giorni aprir\u00e0 un negozio che si rivolger\u00e0 esplicitamente all&#8217;utenza Apple della zona. Si chiama &#8220;Macniaci&#8221; e l&#8217;indirizzo \u00e8 Via San Flaviano, 38 (a L&#8217;Aquila), negli ex locali autoscuola Del Re Livio. Vender\u00e0 &#8220;hardware e software Apple &#8211; iPod &#8211; PlayStation&#8221; (ma non solo). Cosa ancora pi\u00f9 importante [&hellip;]<\/p>\n","protected":false},"author":23,"featured_media":0,"comment_status":"open","ping_status":"open","sticky":false,"template":"","format":"standard","meta":{"_jetpack_memberships_contains_paid_content":false,"footnotes":""},"categories":[7,4,1],"tags":[],"class_list":["post-34","post","type-post","status-publish","format-standard","hentry","category-appuntamenti","category-news","category-raduni"],"jetpack_featured_media_url":"","jetpack-related-posts":[],"jetpack_sharing_enabled":true,"_links":{"self":[{"href":"https:\/\/www.abmug.it\/index.php\/wp-json\/wp\/v2\/posts\/34","targetHints":{"allow":["GET"]}}],"collection":[{"href":"https:\/\/www.abmug.it\/index.php\/wp-json\/wp\/v2\/posts"}],"about":[{"href":"https:\/\/www.abmug.it\/index.php\/wp-json\/wp\/v2\/types\/post"}],"author":[{"embeddable":true,"href":"https:\/\/www.abmug.it\/index.php\/wp-json\/wp\/v2\/users\/23"}],"replies":[{"embeddable":true,"href":"https:\/\/www.abmug.it\/index.php\/wp-json\/wp\/v2\/comments?post=34"}],"version-history":[{"count":0,"href":"https:\/\/www.abmug.it\/index.php\/wp-json\/wp\/v2\/posts\/34\/revisions"}],"wp:attachment":[{"href":"https:\/\/www.abmug.it\/index.php\/wp-json\/wp\/v2\/media?parent=34"}],"wp:term":[{"taxonomy":"category","embeddable":true,"href":"https:\/\/www.abmug.it\/index.php\/wp-json\/wp\/v2\/categories?post=34"},{"taxonomy":"post_tag","embeddable":true,"href":"https:\/\/www.abmug.it\/index.php\/wp-json\/wp\/v2\/tags?post=34"}],"curies":[{"name":"wp","href":"https:\/\/api.w.org\/{rel}","templated":true}]}}